{"id":1104,"date":"2023-06-07T14:17:00","date_gmt":"2023-06-07T12:17:00","guid":{"rendered":"https:\/\/ibermedianext.com\/?p=1104"},"modified":"2023-06-14T12:14:41","modified_gmt":"2023-06-14T10:14:41","slug":"ibermedia-next-protagonista-no-festival-de-annecy","status":"publish","type":"post","link":"https:\/\/ibermedianext.com\/pt-pt\/noticias-pt\/ibermedia-next-protagonista-no-festival-de-annecy\/","title":{"rendered":"IBERMEDIA NEXT, protagonista no Festival de Annecy"},"content":{"rendered":"\n<ul class=\"wp-block-list\">\n<li>O evento, que se celebra em Annecy (Fran\u00e7a) de 11 a 17 de junho, ter\u00e1 na sua programa\u00e7\u00e3o v\u00e1rias sess\u00f5es dedicadas ao IBERMEDIA NEXT, a convocat\u00f3ria de apoios pioneira que contribuir\u00e1 para impulsionar a inova\u00e7\u00e3o no setor da anima\u00e7\u00e3o ibero-americana.<\/li>\n\n\n\n<li>IBERMEDIA NEXT, que desde o seu lan\u00e7amento tem gerado grande expectativa no setor, protagonizar\u00e1 uma confer\u00eancia, dois pequenos-almo\u00e7os tem\u00e1ticos e um evento de networking. Adicionalmente, contar\u00e1 com representantes que estar\u00e3o presentes no evento e dispon\u00edveis para reuni\u00f5es one-to-one<\/li>\n<\/ul>\n\n\n\n<p><\/p>\n\n\n\n<p>IBERMEDIA NEXT participa na programa\u00e7\u00e3o de Annecy, o evento mais importante da anima\u00e7\u00e3o a n\u00edvel internacional. A convocat\u00f3ria de apoio impulsionada pelo Programa Ibermedia far\u00e1 parte da agenda do festival, dando a toda a comunidade profissional a oportunidade \u00fanica de conhecer detalhadamente o seu funcionamento.<\/p>\n\n\n\n<p>A presen\u00e7a do IBERMEDIA NEXT em Annecy consistir\u00e1 numa confer\u00eancia explicativa sobre os apoios, que ter\u00e1 lugar na quinta-feira, 15 de junho, \u00e0s 17:15h, na Salle Verdi, onde ser\u00e3o reveladas novidades, in\u00e9ditas at\u00e9 ao momento, sobre o processo. O evento ser\u00e1 seguido de um cocktail de networking, durante o qual os\/as participantes poder\u00e3o obter mais informa\u00e7\u00f5es sobre a linha de apoios e os seus detalhes.<\/p>\n\n\n\n<h2 class=\"wp-block-heading\"><strong>Pequenos-almo\u00e7os<\/strong>, reuni\u00f5es e encontros<\/h2>\n\n\n\n<p>Al\u00e9m disso, o IBERMEDIA NEXT organizou dois pequenos-almo\u00e7os tem\u00e1ticos na \u00e1rea da tecnologia do festival. Ter\u00e3o lugar nos dias 13 e 15 de junho entre as 9:00 e as 10:00 e o acesso ser\u00e1 feito por convite. Durante a confer\u00eancia sobre Next Lab Generation, que ter\u00e1 lugar no dia 16 de junho \u00e0s 11:00 h no Salon Haendel, haver\u00e1 tamb\u00e9m um momento dedicado ao IBERMEDIA NEXT.<\/p>\n\n\n\n<p>Para al\u00e9m disso, os representantes do IBERMEDIA NEXT e das suas entidades promotoras estar\u00e3o dispon\u00edveis para reuni\u00f5es e encontros, como o encontro Argentina-It\u00e1lia que j\u00e1 est\u00e1 agendado. Os\/As profissionais que pretendam entrar em contacto com os respons\u00e1veis do IBERMEDIA NEXT presentes em Annecy podem contactar os respetivos respons\u00e1veis em info@ibermedianext.com<\/p>\n\n\n\n<p>Pode consultar todas as informa\u00e7\u00f5es e detalhes sobre a presen\u00e7a do IBERMEDIA NEXT no Festival de Annecy em: https:\/\/programme.annecyfestival.com\/programme<\/p>\n\n\n\n<p>P\u00e1gina Web do festival:<\/p>\n\n\n\n<p>Perfis das redes sociais do IBERMEDIA NEXT:<br>Instagram: @Ibermedianext<\/p>\n\n\n\n<p>Linkedin: @Ibermedia Next<\/p>\n\n\n\n<p>Twitter: @Ibermedia Next<\/p>\n\n\n\n<p>Youtube: @IBERMEDIANEXT<\/p>\n\n\n\n<p>Al\u00e9m disso, pode aceder \u00e0s bases, informa\u00e7\u00f5es e formul\u00e1rios de inscri\u00e7\u00e3o em ibermedianext.com<\/p>\n\n\n\n<p>Para efetuar a sua inscri\u00e7\u00e3o, tem de efetuar o registo na IBERMEDIA NEXT PLAZA https:\/\/ibermedianext.com\/ibermedia-next-plaza\/, uma plataforma gratuita onde as empresas e produtoras de Espanha, It\u00e1lia ou Portugal podem encontrar outras empresas e criadores\/as de todos os pa\u00edses membros do Programa IBERMEDIA. \u00c9 uma ferramenta gratuita ao servi\u00e7o da ind\u00fastria lan\u00e7ada pelo IBERMEDIA NEXT para facilitar o encontro entre profissionais do setor.<\/p>\n","protected":false},"excerpt":{"rendered":"<p>IBERMEDIA NEXT participa na programa\u00e7\u00e3o de Annecy, o evento mais importante da anima\u00e7\u00e3o a n\u00edvel internacional. A convocat\u00f3ria de apoio impulsionada pelo Programa Ibermedia far\u00e1 [&hellip;]<\/p>\n","protected":false},"author":3,"featured_media":1129,"comment_status":"open","ping_status":"open","sticky":false,"template":"","format":"standard","meta":{"footnotes":""},"categories":[20],"tags":[],"class_list":["post-1104","post","type-post","status-publish","format-standard","has-post-thumbnail","hentry","category-noticias-pt"],"acf":[],"_links":{"self":[{"href":"https:\/\/ibermedianext.com\/pt-pt\/wp-json\/wp\/v2\/posts\/1104","targetHints":{"allow":["GET"]}}],"collection":[{"href":"https:\/\/ibermedianext.com\/pt-pt\/wp-json\/wp\/v2\/posts"}],"about":[{"href":"https:\/\/ibermedianext.com\/pt-pt\/wp-json\/wp\/v2\/types\/post"}],"author":[{"embeddable":true,"href":"https:\/\/ibermedianext.com\/pt-pt\/wp-json\/wp\/v2\/users\/3"}],"replies":[{"embeddable":true,"href":"https:\/\/ibermedianext.com\/pt-pt\/wp-json\/wp\/v2\/comments?post=1104"}],"version-history":[{"count":2,"href":"https:\/\/ibermedianext.com\/pt-pt\/wp-json\/wp\/v2\/posts\/1104\/revisions"}],"predecessor-version":[{"id":1106,"href":"https:\/\/ibermedianext.com\/pt-pt\/wp-json\/wp\/v2\/posts\/1104\/revisions\/1106"}],"wp:featuredmedia":[{"embeddable":true,"href":"https:\/\/ibermedianext.com\/pt-pt\/wp-json\/wp\/v2\/media\/1129"}],"wp:attachment":[{"href":"https:\/\/ibermedianext.com\/pt-pt\/wp-json\/wp\/v2\/media?parent=1104"}],"wp:term":[{"taxonomy":"category","embeddable":true,"href":"https:\/\/ibermedianext.com\/pt-pt\/wp-json\/wp\/v2\/categories?post=1104"},{"taxonomy":"post_tag","embeddable":true,"href":"https:\/\/ibermedianext.com\/pt-pt\/wp-json\/wp\/v2\/tags?post=1104"}],"curies":[{"name":"wp","href":"https:\/\/api.w.org\/{rel}","templated":true}]}}