{"id":2414,"date":"2023-11-29T18:26:55","date_gmt":"2023-11-29T17:26:55","guid":{"rendered":"https:\/\/ibermedianext.com\/?p=2414"},"modified":"2024-02-09T10:20:40","modified_gmt":"2024-02-09T09:20:40","slug":"el-rastro-de-tu-sangre-en-la-nieve","status":"publish","type":"post","link":"https:\/\/ibermedianext.com\/it\/non-categorizzato\/el-rastro-de-tu-sangre-en-la-nieve\/","title":{"rendered":"EL RASTRO DE TU SANGRE EN LA NIEVE"},"content":{"rendered":"\n<h2 class=\"wp-block-heading\">Hampa Studio SL e Cine Tornado<br>SPAGNA \u00b7 MESSICO<\/h2>\n\n\n\n<p>Il primo adattamento di questo racconto di Gabriel Garc\u00eda M\u00e1rquez al cinema e anche la prima volta che una delle sue storie viene raccontata in formato animato, in un progetto guidato da due rinomati registi messicani, El\u00edas Nahm\u00edas, amico personale di Gabo, e Gonzalo Garc\u00eda Barcha, uno dei figli dell&#8217;artista universale. Per dare vita a quest\u2019opera si utilizzeranno strumenti come Blender e Grease Pencil, oltre all&#8217;IA per la cattura del movimento, l\u2019analisi dei dati e la fotogrammetria degli scenari.<\/p>\n\n\n\n<div class=\"wp-block-buttons is-layout-flex wp-block-buttons-is-layout-flex\">\n<div class=\"wp-block-button\"><a class=\"wp-block-button__link wp-element-button\">Hampa Studio<\/a><\/div>\n\n\n\n<div class=\"wp-block-button\"><a class=\"wp-block-button__link wp-element-button\">Cine Tornado<\/a><\/div>\n<\/div>\n\n\n\n<p><\/p>\n\n\n\n<div class=\"module--colab\">\n    <div class=\"container\">\n        <div class=\"fx\">\n                        <div class=\"column\">\n                <span class=\"title\"><\/span>\n                <p><\/p>\n            <\/div>\n        <\/div>\n        <div class=\"container--cards\">\n                                                <a href=\"https:\/\/ibermedianext.com\/wp-content\/uploads\/2023\/11\/ElRastrodeTuSangre_01.jpg\" target=\"_blank\" class=\"card\">\n                        <img decoding=\"async\" src=\"https:\/\/ibermedianext.com\/wp-content\/uploads\/2023\/11\/ElRastrodeTuSangre_01.jpg\" alt=\"\">\n                        <div class=\"more\">\n                            <img decoding=\"async\" src=\"https:\/\/ibermedianext.com\/wp-content\/themes\/ibermedia\/img\/icon-plus.svg\" \/>\n                        <\/div>\n                    <\/a>\n                                    <a href=\"https:\/\/ibermedianext.com\/wp-content\/uploads\/2023\/11\/ElRastrodeTuSangre_02.jpg\" target=\"_blank\" class=\"card\">\n                        <img decoding=\"async\" src=\"https:\/\/ibermedianext.com\/wp-content\/uploads\/2023\/11\/ElRastrodeTuSangre_02.jpg\" alt=\"\">\n                        <div class=\"more\">\n                            <img decoding=\"async\" src=\"https:\/\/ibermedianext.com\/wp-content\/themes\/ibermedia\/img\/icon-plus.svg\" \/>\n                        <\/div>\n                    <\/a>\n                                    <a href=\"https:\/\/ibermedianext.com\/wp-content\/uploads\/2023\/11\/ElRastrodeTuSangre_03.jpg\" target=\"_blank\" class=\"card\">\n                        <img decoding=\"async\" src=\"https:\/\/ibermedianext.com\/wp-content\/uploads\/2023\/11\/ElRastrodeTuSangre_03.jpg\" alt=\"\">\n                        <div class=\"more\">\n                            <img decoding=\"async\" src=\"https:\/\/ibermedianext.com\/wp-content\/themes\/ibermedia\/img\/icon-plus.svg\" \/>\n                        <\/div>\n                    <\/a>\n                                    <\/div>\n    <\/div>\n<\/div>\n\n\n<figure class=\"wp-block-embed is-type-video is-provider-youtube wp-block-embed-youtube wp-embed-aspect-16-9 wp-has-aspect-ratio\"><div class=\"wp-block-embed__wrapper\">\n<iframe loading=\"lazy\" title=\"EL RASTRO DE TU SANGRE EN LA NIEVE | Progetti Selezionati IBERMEDIA NEX\" width=\"500\" height=\"281\" src=\"https:\/\/www.youtube.com\/embed\/Dkm8LNMHP3M?feature=oembed\" frameborder=\"0\" allow=\"accelerometer; autoplay; clipboard-write; encrypted-media; gyroscope; picture-in-picture; web-share\" referrerpolicy=\"strict-origin-when-cross-origin\" allowfullscreen><\/iframe>\n<\/div><\/figure>\n","protected":false},"excerpt":{"rendered":"<p>Hampa Studio SL e Cine TornadoSPAGNA \u00b7 MESSICO Il primo adattamento di questo racconto di Gabriel Garc\u00eda M\u00e1rquez al cinema e anche la prima volta [&hellip;]<\/p>\n","protected":false},"author":7,"featured_media":2264,"comment_status":"open","ping_status":"open","sticky":false,"template":"","format":"standard","meta":{"footnotes":""},"categories":[6],"tags":[],"class_list":["post-2414","post","type-post","status-publish","format-standard","has-post-thumbnail","hentry","category-non-categorizzato"],"acf":[],"_links":{"self":[{"href":"https:\/\/ibermedianext.com\/it\/wp-json\/wp\/v2\/posts\/2414","targetHints":{"allow":["GET"]}}],"collection":[{"href":"https:\/\/ibermedianext.com\/it\/wp-json\/wp\/v2\/posts"}],"about":[{"href":"https:\/\/ibermedianext.com\/it\/wp-json\/wp\/v2\/types\/post"}],"author":[{"embeddable":true,"href":"https:\/\/ibermedianext.com\/it\/wp-json\/wp\/v2\/users\/7"}],"replies":[{"embeddable":true,"href":"https:\/\/ibermedianext.com\/it\/wp-json\/wp\/v2\/comments?post=2414"}],"version-history":[{"count":5,"href":"https:\/\/ibermedianext.com\/it\/wp-json\/wp\/v2\/posts\/2414\/revisions"}],"predecessor-version":[{"id":2946,"href":"https:\/\/ibermedianext.com\/it\/wp-json\/wp\/v2\/posts\/2414\/revisions\/2946"}],"wp:featuredmedia":[{"embeddable":true,"href":"https:\/\/ibermedianext.com\/it\/wp-json\/wp\/v2\/media\/2264"}],"wp:attachment":[{"href":"https:\/\/ibermedianext.com\/it\/wp-json\/wp\/v2\/media?parent=2414"}],"wp:term":[{"taxonomy":"category","embeddable":true,"href":"https:\/\/ibermedianext.com\/it\/wp-json\/wp\/v2\/categories?post=2414"},{"taxonomy":"post_tag","embeddable":true,"href":"https:\/\/ibermedianext.com\/it\/wp-json\/wp\/v2\/tags?post=2414"}],"curies":[{"name":"wp","href":"https:\/\/api.w.org\/{rel}","templated":true}]}}